[{"@context":"https:\/\/schema.org\/","@type":"Article","@id":"https:\/\/www.hc1.cz\/hypoaktivita-u-deti\/#Article","mainEntityOfPage":"https:\/\/www.hc1.cz\/hypoaktivita-u-deti\/","headline":"Hypoaktivita u d\u011bt\u00ed","name":"Hypoaktivita u d\u011bt\u00ed","description":"Je to tedy vz\u00e1cn\u011bj\u0161\u00ed projev chov\u00e1n\u00ed vyskytuj\u00edc\u00ed se u d\u011bt\u00ed s lehkou mozkovou dysfunkc\u00ed. [&hellip;]","datePublished":"2023-06-02","dateModified":"2023-06-02","author":{"@type":"Person","@id":"https:\/\/www.hc1.cz\/author\/#Person","name":"","url":"https:\/\/www.hc1.cz\/author\/","identifier":1,"image":{"@type":"ImageObject","@id":"https:\/\/secure.gravatar.com\/avatar\/4860d213c5bedfa07ff2b166ff7b069759f9dbf79eae813578c75f9f8cb939b7?s=96&d=mm&r=g","url":"https:\/\/secure.gravatar.com\/avatar\/4860d213c5bedfa07ff2b166ff7b069759f9dbf79eae813578c75f9f8cb939b7?s=96&d=mm&r=g","height":96,"width":96}},"publisher":{"@type":"Organization","name":"hc1.cz","logo":{"@type":"ImageObject","@id":"\/logo.png","url":"\/logo.png","width":600,"height":60}},"image":{"@type":"ImageObject","@id":"https:\/\/www.hc1.cz\/wp-content\/uploads\/img_a292715_w2054_t1505149147.jpg","url":"https:\/\/www.hc1.cz\/wp-content\/uploads\/img_a292715_w2054_t1505149147.jpg","height":0,"width":0},"url":"https:\/\/www.hc1.cz\/hypoaktivita-u-deti\/","wordCount":420,"articleBody":"Je to tedy vz\u00e1cn\u011bj\u0161\u00ed projev chov\u00e1n\u00ed vyskytuj\u00edc\u00ed se u d\u011bt\u00ed s lehkou mozkovou dysfunkc\u00ed. Hypoaktivn\u00ed d\u011bti maj\u00ed slab\u0161\u00ed percep\u010dn\u011b-motorick\u00e9 tempo.\u00a8&#13; &#13; &#13; Co se s takov\u00fdmi d\u011btmi d\u011bje?&#13; Nervov\u00fd syst\u00e9m obsahuje dv\u011b hladiny aktivace- podr\u00e1\u017ed\u011bn\u00ed a \u00fatlum&#13; Z uveden\u00e9ho vypl\u00fdv\u00e1, \u017ee u hypoaktivn\u00edch jedinc\u016f p\u0159evl\u00e1d\u00e1 \u00fatlum. Toto d\u00edt\u011b nen\u00ed schopno diferenciovat v\u0161echny podn\u011bty a jejich p\u0159\u00edjem je p\u0159ekryt \u00fatlumem. Psychomotorick\u00e9 tempo t\u011bchto d\u011bt\u00ed je zna\u010dn\u011b sn\u00ed\u017eeno, jsou m\u00e9n\u011b pohybliv\u00e9 a n\u00e1padn\u011b pomal\u00e9.&#13; \u201eKam ho r\u00e1no postav\u00ed\u0161, tam ho ve\u010der najde\u0161.\u201c&#13; &#13; &#13; D\u011bdi\u010dnost a rodinn\u00e9 prost\u0159ed\u00ed&#13; Velkou roli hraje tak\u00e9 d\u011bdi\u010dnost, u kter\u00e9 je p\u0159enos t\u00e9to poruchy odhadov\u00e1n a\u017e na 70%. Jako dal\u0161\u00ed p\u0159\u00ed\u010dinu bych zm\u00ednila struktur\u00e1ln\u011b-funk\u010dn\u00ed zm\u011bny mozku, kdy maj\u00ed ur\u010dit\u00e9 morfologick\u00e9 odchylky.&#13; K prohlouben\u00ed t\u011bchto pot\u00ed\u017e\u00ed p\u0159isp\u00edv\u00e1 tak\u00e9 negativn\u00ed p\u016fsoben\u00ed rodinn\u00e9ho prost\u0159ed\u00ed. D\u00edt\u011b neovl\u00e1d\u00e1 svou pozornost, proto\u017ee se mu nikdo dostate\u010dn\u011b nev\u011bnuje. M\u016f\u017ee to b\u00fdt tak\u00e9 d\u016fsledek opo\u017ed\u011bn\u00e9ho zr\u00e1n\u00ed, kdy propojen\u00ed d\u016fle\u017eit\u00fdch oblast\u00ed mozku nen\u00ed dokonal\u00e9.&#13; &#13; Pr\u00e1ce ve \u0161kole&#13; V mnoha p\u0159\u00edpadech nen\u00ed schopno \u0161koln\u00ed \u00fakoly zvl\u00e1dnout a uzav\u00edr\u00e1 se do sv\u00e9ho nitra. Ostatn\u00ed d\u011bti se mu mohou tak\u00e9 posm\u00edvat. U t\u011bchto d\u011bt\u00ed jsou pocity viny z vlastn\u00edho ne\u00fasp\u011bchu b\u011b\u017en\u00e9. Pr\u00e1v\u011b pomalost se velmi projevuje v my\u0161len\u00ed a rozhodov\u00e1n\u00ed. Ve \u0161kole \u010dasto nesta\u010d\u00ed pracovn\u00edmu tempu, \u00falohy nedokon\u010duj\u00ed a dikt\u00e1ty nest\u00edh\u00e1 dopisovat. B\u00fdv\u00e1 pasivn\u00ed a nepr\u016fbojn\u00e9, tak\u00e9 se h\u016f\u0159e orientuje. Jeho probl\u00e9my jsou \u010dasto p\u0159ehl\u00ed\u017eeny rodi\u010di i u\u010diteli, proto\u017ee d\u00edt\u011b nijak nevyru\u0161uje ani nezlob\u00ed. V t\u011bchto p\u0159\u00edpadech je hypoaktivita \u010dasto vykl\u00e1d\u00e1na jako lenost nebo sn\u00ed\u017een\u00e1 inteligence, je to v\u0161ak opravdu zvl\u00e1\u0161tnost nervov\u00e9 soustavy.&#13; Vyu\u010duj\u00edc\u00edm se m\u016f\u017ee zd\u00e1t, \u017ee tyto d\u011bti pracuj\u00ed nepozorn\u011b. Berou to jako nedostate\u010dnou snahu a \u00fasil\u00ed, proto\u017ee jsou p\u0159esv\u011bd\u010deni, \u017ee by v\u0161echny tyto \u0161koln\u00ed povinnosti a \u00falohy m\u011blo zvl\u00e1dnout.&#13; &#13; &#13; Ale nebojte se!&#13; Pokud u\u010ditel vn\u00edm\u00e1 ur\u010ditou odli\u0161nost d\u00edt\u011bte, je snad jeho povinnost\u00ed, aby n\u011bjak\u00e1 porucha toto d\u00edt\u011b v jeho studiu neovlivnila.&#13;                                                                                                                                                                                                                                                                                                                                                                                        4.2\/5 - (12 votes)        "},{"@context":"https:\/\/schema.org\/","@type":"BreadcrumbList","itemListElement":[{"@type":"ListItem","position":1,"name":"Hypoaktivita u d\u011bt\u00ed","item":"https:\/\/www.hc1.cz\/hypoaktivita-u-deti\/#breadcrumbitem"}]}]