[{"@context":"https:\/\/schema.org\/","@type":"Article","@id":"https:\/\/www.hc1.cz\/nechybi-vam-na-zahrade-jeste-neco\/#Article","mainEntityOfPage":"https:\/\/www.hc1.cz\/nechybi-vam-na-zahrade-jeste-neco\/","headline":"Nechyb\u00ed v\u00e1m na zahrad\u011b je\u0161t\u011b n\u011bco?","name":"Nechyb\u00ed v\u00e1m na zahrad\u011b je\u0161t\u011b n\u011bco?","description":"Aby zahrada \u010di zahr\u00e1dka vypadala \u201ek sv\u011btu\u201c, trvalo to n\u011bkolik let a byla to [&hellip;]","datePublished":"2023-06-02","dateModified":"2023-06-02","author":{"@type":"Person","@id":"https:\/\/www.hc1.cz\/author\/#Person","name":"","url":"https:\/\/www.hc1.cz\/author\/","identifier":1,"image":{"@type":"ImageObject","@id":"https:\/\/secure.gravatar.com\/avatar\/4860d213c5bedfa07ff2b166ff7b069759f9dbf79eae813578c75f9f8cb939b7?s=96&d=mm&r=g","url":"https:\/\/secure.gravatar.com\/avatar\/4860d213c5bedfa07ff2b166ff7b069759f9dbf79eae813578c75f9f8cb939b7?s=96&d=mm&r=g","height":96,"width":96}},"publisher":{"@type":"Organization","name":"hc1.cz","logo":{"@type":"ImageObject","@id":"\/logo.png","url":"\/logo.png","width":600,"height":60}},"image":{"@type":"ImageObject","@id":"https:\/\/www.hc1.cz\/wp-content\/uploads\/img_a299359_w2048_t1509387136.jpg","url":"https:\/\/www.hc1.cz\/wp-content\/uploads\/img_a299359_w2048_t1509387136.jpg","height":0,"width":0},"url":"https:\/\/www.hc1.cz\/nechybi-vam-na-zahrade-jeste-neco\/","wordCount":469,"articleBody":" Aby zahrada \u010di zahr\u00e1dka vypadala \u201ek sv\u011btu\u201c, trvalo to n\u011bkolik let a byla to po\u0159\u00e1dn\u00e1 d\u0159ina. Tedy m\u00e1m na mysli zahr\u00e1dku t\u011bch, kte\u0159\u00ed sami p\u0159ilo\u017eili ruku k d\u00edlu, poprali se s r\u00fd\u010dem i krump\u00e1\u010dem, odnosili hromady kamen\u00ed, pomazlili se se zeminou, vyhnali krtka a mandelinku. M\u00e1m na mysli ty opravdov\u00e9 zahr\u00e1dk\u00e1\u0159e, kte\u0159\u00ed \u010dekaj\u00ed na ka\u017ed\u00fd jarn\u00ed pupen na strom\u011b, pe\u010dliv\u011b vytrh\u00e1vaj\u00ed plevel, aby prvn\u00ed jarn\u00ed rostlinky mohly oto\u010dit svoji tv\u00e1\u0159 ke slun\u00ed\u010dku, v l\u00e9t\u011b a na podzim skl\u00edzej\u00ed \u00farodu, zvelebuj\u00ed, p\u0159esazuj\u00ed, zkr\u00e1tka ty, kte\u0159\u00ed pot\u0159ebuj\u00ed tohle ka\u017edodenn\u00ed sou\u017eit\u00ed s p\u0159\u00edrodou. V\u017edy\u0165 vlastnit zahradu, to je jako vlastnit mal\u00fd kousek r\u00e1je. Kdy\u017e u\u017e m\u00e1te zalo\u017eenu okrasnou i u\u017eitkovou zahr\u00e1dku, v\u0161ude jsou stromy a ke\u0159e, baz\u00e9n, odpo\u010dinkov\u00e9 z\u00e1kout\u00ed, chati\u010dka  a d\u011btsk\u00e9 h\u0159i\u0161t\u011b, st\u00e1le p\u0159em\u00fd\u0161l\u00edte, co je\u0161t\u011b byste zm\u011bnili a doplnili, i kdy\u017e nikde u\u017e moc m\u00edsta nezb\u00fdv\u00e1. P\u0159idejte rostlinu jm\u00e9nem Cucurbita pepo \u2013 cuketa nebo tak\u00e9 cuk\u00edna. P\u0159esto\u017ee je to rostlina u\u017eitkov\u00e1, svou kr\u00e1sou se ned\u00e1 zahanbit \u2013 jej\u00ed dekorativn\u00ed listy a n\u00e1dhern\u00e9 syt\u011b \u017elut\u00e9 kv\u011bty pot\u011b\u0161\u00ed ka\u017ed\u00e9ho. Vy\u010dlen\u00edte-li j\u00ed z\u00e1honek pouh\u00fdch 1,2m x 1,2m a dop\u0159ejete-li j\u00ed dostatek z\u00e1livky, nemus\u00edte se o ni ji\u017e v\u00edce starat. Snese t\u00e9m\u011b\u0159 ka\u017edou p\u016fdu i prost\u0159ed\u00ed. Po 5ti t\u00fddnech od zasazen\u00ed rostlinky za\u010dnete skl\u00edzet plody: men\u0161\u00ed jemn\u00e9 cuketky s m\u00e1slovou chut\u00ed ke konzumaci za syrova, nap\u0159. do sal\u00e1t\u016f, anebo je pou\u017eijete na gril, k zap\u00e9k\u00e1n\u00ed nebo sma\u017een\u00ed v trojobalu (p\u0159i p\u0159\u00edprav\u011b na sma\u017een\u00ed nechte nakr\u00e1jenou cuketu \u201evyplakat\u201c, tj. lehce ji posolte a ona ze sebe vyplav\u00ed nadbyte\u010dnou vodu, kter\u00e1 by v\u00e1m jinak p\u0159i sma\u017een\u00ed vyt\u00e9kala do p\u00e1nve). Ty velk\u00e9, p\u016fl metru dlouh\u00e9 plody maj\u00ed velmi \u0161irok\u00e9 uplatn\u011bn\u00ed. Pou\u017e\u00edvaj\u00ed se do \u201ebrambor\u00e1k\u016f\u201c m\u00edsto brambor, za l\u00edvane\u010dky s cuketou a kokosem v\u00e1m va\u0161e d\u011bti r\u00e1dy sl\u00edb\u00ed, \u017ee u\u017e nebudou zlobit. Z cukety m\u016f\u017eete uva\u0159it kr\u00e9movou pol\u00e9vku nebo vyrobit dob\u0159e ochucen\u00e9 zelen\u00e9 pesto. Zkuste ji zava\u0159it do sklenic s kuku\u0159ic\u00ed, cibul\u00ed, paprikou a trochou ke\u010dupu \u2013 v zim\u011b pou\u017eijete k masu nebo jen tak pro chu\u0165. Z cukety se d\u00e1 tak\u00e9 uva\u0159it v\u00fdborn\u00e1 marmel\u00e1da \u2013 tolik druh\u016f, kolik v\u00e1s jen napadne. Ve Francii je cuketa z\u00e1sadn\u00ed p\u0159\u00edsada do ratatouille a jedl\u00e9 jsou i jej\u00ed kr\u00e1sn\u00e9 kv\u011bty.                                                                                                                                                                                                                                                                                                                                                                                        4.1\/5 - (7 votes)        "},{"@context":"https:\/\/schema.org\/","@type":"BreadcrumbList","itemListElement":[{"@type":"ListItem","position":1,"name":"Nechyb\u00ed v\u00e1m na zahrad\u011b je\u0161t\u011b n\u011bco?","item":"https:\/\/www.hc1.cz\/nechybi-vam-na-zahrade-jeste-neco\/#breadcrumbitem"}]}]