[{"@context":"https:\/\/schema.org\/","@type":"Article","@id":"https:\/\/www.hc1.cz\/neni-to-jen-lustr\/#Article","mainEntityOfPage":"https:\/\/www.hc1.cz\/neni-to-jen-lustr\/","headline":"Nen\u00ed to jen lustr","name":"Nen\u00ed to jen lustr","description":"Kdy\u017e jsem si za\u0159izovala sv\u016fj nov\u00fd byt, nenechala jsem nic n\u00e1hod\u011b. V\u0161e jsem cht\u011bla [&hellip;]","datePublished":"2022-04-28","dateModified":"2023-12-05","author":{"@type":"Person","@id":"https:\/\/www.hc1.cz\/author\/#Person","name":"","url":"https:\/\/www.hc1.cz\/author\/","identifier":1,"image":{"@type":"ImageObject","@id":"https:\/\/secure.gravatar.com\/avatar\/4860d213c5bedfa07ff2b166ff7b069759f9dbf79eae813578c75f9f8cb939b7?s=96&d=mm&r=g","url":"https:\/\/secure.gravatar.com\/avatar\/4860d213c5bedfa07ff2b166ff7b069759f9dbf79eae813578c75f9f8cb939b7?s=96&d=mm&r=g","height":96,"width":96}},"publisher":{"@type":"Organization","name":"hc1.cz","logo":{"@type":"ImageObject","@id":"\/logo.png","url":"\/logo.png","width":600,"height":60}},"image":{"@type":"ImageObject","@id":"https:\/\/www.hc1.cz\/wp-content\/uploads\/lamp-g98fd896b9_640.jpg","url":"https:\/\/www.hc1.cz\/wp-content\/uploads\/lamp-g98fd896b9_640.jpg","height":0,"width":0},"url":"https:\/\/www.hc1.cz\/neni-to-jen-lustr\/","about":["N\u00e1kupy"],"wordCount":426,"articleBody":"Kdy\u017e jsem si za\u0159izovala sv\u016fj nov\u00fd byt, nenechala jsem nic n\u00e1hod\u011b. V\u0161e jsem cht\u011bla m\u00edt dokonal\u00e9 do posledn\u00edho detailu. V\u0161e muselo ladit od z\u00e1suvek, p\u0159es z\u00e1clony a\u017e po z\u00e1chodov\u00e9 prk\u00e9nko. Nen\u00ed tedy divu, \u017ee mi trvalo vybavit mal\u00fd b\u00fdt v\u00edce ne\u017e dva m\u011bs\u00edce. Kdy\u017e u\u017e byl v\u0161echen n\u00e1bytek na sv\u00e9m m\u00edst\u011b, zb\u00fdval posledn\u00ed, drobn\u00fd detail. Musela jsem vybrat lustr. Samoz\u0159ejm\u011b, \u017ee to nemohl b\u00fdt jen tak ledajak\u00fd lustr. Musel to b\u00fdt prost\u011b TEN lustr. Ten jedin\u00fd, p\u0159esn\u011b pro m\u011b ur\u010den\u00fd.M\u011bla jsem jasno, \u017ee to mus\u00ed b\u00fdt n\u011bco jednoduch\u00e9ho, dob\u0159e udr\u017eiteln\u00e9ho. \u017d\u00e1dn\u00e9 zbyte\u010dn\u00e9 ozdoby nebo t\u0159\u00e1sn\u011b. Ale zase ne nic oby\u010dejn\u00e9ho, \u017e\u00e1dnou placku na strop jsem necht\u011bla. Nezd\u00e1lo se mi, \u017ee by m\u00e9 n\u00e1roky byly n\u011bjak vysok\u00e9. Obchodn\u00ed domy v\u0161ak m\u011bly jin\u00fd n\u00e1zor. V\u0161ude se na m\u011b usm\u00edvaly lustry nejr\u016fzn\u011bj\u0161\u00edch barev a tvar\u016f. Nic co by v\u0161ak uspokojilo m\u00e9 p\u0159edstavy jednoduch\u00e9ho, ale neoby\u010dejn\u00e9ho lustru. Kdy\u017e u\u017e jsem to cht\u011bla vzd\u00e1t a vz\u00edt to velk\u00e9 \u010derven\u00e9 cosi, jako bych n\u011bkde v sob\u011b sly\u0161ela vnit\u0159n\u00ed hl\u00e1sek: \u201eTady, no tak tady, naho\u0159e.\u201c Kdy\u017e jsem zvedla hlavu, uvid\u011bla jsem tu kr\u00e1su. \u010cekal tam na m\u011b. \u00dapln\u011b jednoduch\u00fd, b\u00edl\u00fd lustr na lanku s dr\u00e1t\u011bn\u00fdm st\u00edn\u00edtkem. Lustr nebyl p\u0159\u00edli\u0161 velk\u00fd. Pro n\u011bkoho by byl \u0161edou my\u0161kou. Pro m\u011b byl dokonal\u00fd, byla to l\u00e1ska na prvn\u00ed pohled. A tak jsem si ho p\u0159inesla dom\u016f. Zapojen\u00ed a instalaci jsem rad\u0161i p\u0159enechala n\u011bkomu zku\u0161en\u011bj\u0161\u00edmu, ale d\u011blala jsem pe\u010dliv\u00fd dohled. Lustr byl p\u0159esn\u011b takov\u00fd, jako jsem doufala a dokonale zapadl do m\u00e9ho jednoduch\u00e9ho interi\u00e9ru. Jako velkou v\u00fdhodu vid\u00edm, \u017ee je mo\u017en\u00e9 zav\u011bsit ho do r\u016fzn\u00fdch v\u00fd\u0161ek podle va\u0161\u00ed pot\u0159eby a preferenc\u00ed. Kovov\u00fd materi\u00e1l se bude velmi snadno om\u00fdvat od prachu a ne\u010distot. Jsem r\u00e1da, \u017ee jsem poslechla sv\u016fj \u0161est\u00fd smysl, proto\u017ee pro n\u011bkoho to m\u016f\u017ee b\u00fdt jen oby\u010dejn\u00e9 sv\u011btlo, pro m\u011b je to sou\u010d\u00e1st domova. A doma se mus\u00edm c\u00edtit dob\u0159e bez jak\u00fdchkoliv ru\u0161iv\u00fdch element\u016f, kter\u00fdm by nevhodn\u00fd lustr zajist\u00e9 byl.                                                                                                                                                                                                                                                                                                                                                                                                  "},{"@context":"https:\/\/schema.org\/","@type":"BreadcrumbList","itemListElement":[{"@type":"ListItem","position":1,"name":"Nen\u00ed to jen lustr","item":"https:\/\/www.hc1.cz\/neni-to-jen-lustr\/#breadcrumbitem"}]}]