[{"@context":"https:\/\/schema.org\/","@type":"Article","@id":"https:\/\/www.hc1.cz\/vysoka-skola\/#Article","mainEntityOfPage":"https:\/\/www.hc1.cz\/vysoka-skola\/","headline":"Vysok\u00e1 \u0161kola","name":"Vysok\u00e1 \u0161kola","description":"V\u017edycky jsem si \u0159\u00edkala, \u017ee vzd\u011bl\u00e1n\u00ed pro m\u011b bude velmi d\u016fle\u017eit\u00e9, proto\u017ee jako mal\u00e9 [&hellip;]","datePublished":"2022-04-29","dateModified":"2023-06-02","author":{"@type":"Person","@id":"https:\/\/www.hc1.cz\/author\/#Person","name":"","url":"https:\/\/www.hc1.cz\/author\/","identifier":1,"image":{"@type":"ImageObject","@id":"https:\/\/secure.gravatar.com\/avatar\/4860d213c5bedfa07ff2b166ff7b069759f9dbf79eae813578c75f9f8cb939b7?s=96&d=mm&r=g","url":"https:\/\/secure.gravatar.com\/avatar\/4860d213c5bedfa07ff2b166ff7b069759f9dbf79eae813578c75f9f8cb939b7?s=96&d=mm&r=g","height":96,"width":96}},"publisher":{"@type":"Organization","name":"hc1.cz","logo":{"@type":"ImageObject","@id":"\/logo.png","url":"\/logo.png","width":600,"height":60}},"image":{"@type":"ImageObject","@id":"https:\/\/www.hc1.cz\/wp-content\/uploads\/ockovani3_1.jpg","url":"https:\/\/www.hc1.cz\/wp-content\/uploads\/ockovani3_1.jpg","height":0,"width":0},"url":"https:\/\/www.hc1.cz\/vysoka-skola\/","about":["Vzd\u011bl\u00e1n\u00ed"],"wordCount":432,"articleBody":"V\u017edycky jsem si \u0159\u00edkala, \u017ee vzd\u011bl\u00e1n\u00ed pro m\u011b bude velmi d\u016fle\u017eit\u00e9, proto\u017ee jako mal\u00e9 d\u00edt\u011b jsem si velmi r\u00e1da prohl\u00ed\u017eela obr\u00e1zkov\u00e9 knihy. A kdy\u017e jsem se nau\u010dila \u010d\u00edst, tak jsem taky potom moc r\u00e1da \u010detla. Mimochodem, v\u00edte, kdy jsem se nau\u010dila \u010d\u00edst? Kdy\u017e m\u011b byly \u010dty\u0159i roky, proto\u017ee j\u00e1 nem\u00e1m \u017e\u00e1dn\u00e9 sourozence a bydl\u00edm pouze s maminkou. A maminka chodila po\u0159\u00e1d \u010dasto do pr\u00e1ce a m\u011b velmi \u010dasto hl\u00eddala pr\u00e1v\u011b babi\u010dka anebo sousedka. A abych se nenudila doma, tak jsem se sama od sebe u\u010dila \u010d\u00edst. To u\u017e i moje maminka pochopila, \u017ee budu asi hodn\u011b nadan\u00e1 na \u0161kolu. A taky \u017ee to tak bylo. Nev\u00edm, jak je to mo\u017en\u00e9, ale j\u00e1 jsem p\u0159ekro\u010dila prvn\u00ed t\u0159\u00eddu. J\u00e1 jsem toti\u017e u\u017e toho velmi mnoho um\u011bla. Tak jsem \u0161la ihned do druh\u00e9 t\u0159\u00eddy. Byla jsem p\u0159ekvapen\u00e1! J\u00e1 jsem u\u017e v sedmi letech um\u011bla \u010d\u00edst ps\u00e1t a po\u010d\u00edtat. Taky jsem u\u017e znala tro\u0161ku p\u0159\u00edrodopis a zem\u011bpis. Jako d\u00edt\u011b jsem m\u011bla velmi r\u00e1da mapy.J\u00e1 jsem se u\u017e v prvn\u00ed t\u0159\u00edd\u011b dok\u00e1zala skoro perfektn\u011b vyznat v map\u011b a pan\u00ed u\u010ditelka byla docela v \u0161oku, kdy\u017e jsem j\u00ed v\u0161echno uk\u00e1zala a \u0159ekla co um\u00edm. A moje maminka na m\u011b byla py\u0161n\u00e1. Taky by m\u011b zaj\u00edmalo, co by na to \u0159ekl m\u016fj otec. Jenom\u017ee otec utekl, kdy\u017e m\u011b byl rok a p\u016fl. Alespo\u0148 takhle mi to \u0159ekla moje maminka.Mus\u00edm \u0159\u00edct, \u017ee na otce se hodn\u011b zlob\u00edm. T\u0159eba i d\u00edky n\u011bmu nebudu moct m\u00edt kvalitn\u00ed vzd\u011bl\u00e1n\u00ed. Takov\u00e9 vzd\u011bl\u00e1n\u00ed, kter\u00e9 chci. Proto\u017ee nev\u00edm, jestli by maminka moje vzd\u011bl\u00e1n\u00ed, po kter\u00e9m tou\u017e\u00edm, ut\u00e1hla. Nicm\u00e9n\u011b ale maminka \u0159\u00edkala, \u017ee se bude sna\u017eit. A j\u00e1 v\u00edm, \u017ee jakmile budu chodit do \u0161koly, tak si ihned najdu n\u011bjakou brig\u00e1du, abych mamince pomohla. Proto\u017ee j\u00e1 si moc p\u0159eji kvalitn\u00ed vzd\u011bl\u00e1n\u00ed, cht\u011bla bych m\u00edt vysokou \u0161kolu. A co vy? D\u00e1v\u00e1te taky\u00a0p\u0159ednost\u00a0kvalitn\u00edmu vzd\u011bl\u00e1n\u00ed a je pro v\u00e1s vzd\u011bl\u00e1n\u00ed tak d\u016fle\u017eit\u00e9, \u017ee byste si na n\u011bj vzali t\u0159eba i p\u016fj\u010dku? J\u00e1 zn\u00e1m p\u00e1r\u00a0takov\u00fdch\u00a0lid\u00ed, \u017ee tou\u017e\u00ed hodn\u011b po vzd\u011bl\u00e1n\u00ed, stejn\u011b jako j\u00e1.\u00a0                                                                                                                                                                                                                                                                                                                                                                                        4.8\/5 - (9 votes)        "},{"@context":"https:\/\/schema.org\/","@type":"BreadcrumbList","itemListElement":[{"@type":"ListItem","position":1,"name":"Vysok\u00e1 \u0161kola","item":"https:\/\/www.hc1.cz\/vysoka-skola\/#breadcrumbitem"}]}]